
 







{"id":981,"date":"2019-02-12T12:12:09","date_gmt":"2019-02-12T12:12:09","guid":{"rendered":"http:\/\/blogs.amb.cat\/tenimdrets\/?p=981"},"modified":"2020-12-15T12:50:16","modified_gmt":"2020-12-15T12:50:16","slug":"a-linstitut-vazquez-montalban-de-sant-adria-de-besos-reflexionem-sobre-el-dret-de-les-persones-refugiades-i-el-dret-a-laigua","status":"publish","type":"post","link":"https:\/\/blogs.amb.cat\/tenimdrets\/ca\/2019\/02\/12\/a-linstitut-vazquez-montalban-de-sant-adria-de-besos-reflexionem-sobre-el-dret-de-les-persones-refugiades-i-el-dret-a-laigua\/","title":{"rendered":"A l&#8217;Institut V\u00e1zquez Montalban de Sant Adri\u00e0 de Bes\u00f2s reflexionem sobre el dret de les persones refugiades i el dret a l&#8217;aigua"},"content":{"rendered":"<p>Durant aquestes darreres setmanes del mes de febrer l&#8217;alumnat de 3r d&#8217;ESO de l&#8217;<strong>Institut V\u00e1zquez Montalban de Sant Adri\u00e0 de Bes\u00f2s<\/strong> ha participat en els tallers del Tenim Drets Teixim Llibertats, culminant aquest aprenentatge en l&#8217;elaboraci\u00f3 del disseny d&#8217;un mural participatiu que pintarem en els propers mesos. S&#8217;han seguit diferents passos per dur a terme aquest proc\u00e9s: Tallers introductoris sobre els conflictes de les persones refugiades i la vulneraci\u00f3 dels seus drets, reflexi\u00f3 i posada en com\u00fa, pluja d&#8217;idees, fer prototips dels treballs a dur a terme i finalment el disseny.<br \/>\nDurant tot el proc\u00e9s les persones participants s&#8217;aproximen a la tem\u00e0tica a trav\u00e9s de din\u00e0miques en grup on combinen el treball reflexiu i el treball creatiu i gr\u00e0fic. D&#8217;aquesta manera les persones participants treballen teoria i pr\u00e0ctica conjuntament, entenent que la teoria explicada sobre els drets de les persones refugiades s\u00f3n fets que estan succeint actualment, ens afecten directament i necessiten atenci\u00f3 i acci\u00f3 per tal de ser reivindicats.<\/p>\n<p style=\"text-align: center\"><a href=\"https:\/\/blogs.amb.cat\/tenimdrets\/wp-content\/uploads\/sites\/4\/2019\/02\/20190208_122341.jpg\"><img class=\"alignnone size-medium wp-image-983\" src=\"https:\/\/blogs.amb.cat\/tenimdrets\/wp-content\/uploads\/sites\/4\/2019\/02\/20190208_122341-300x225.jpg\" alt=\"20190208_122341\" width=\"300\" height=\"225\" srcset=\"https:\/\/blogs.amb.cat\/tenimdrets\/wp-content\/uploads\/sites\/4\/2019\/02\/20190208_122341-300x225.jpg 300w, https:\/\/blogs.amb.cat\/tenimdrets\/wp-content\/uploads\/sites\/4\/2019\/02\/20190208_122341-1024x768.jpg 1024w, https:\/\/blogs.amb.cat\/tenimdrets\/wp-content\/uploads\/sites\/4\/2019\/02\/20190208_122341-640x480.jpg 640w\" sizes=\"(max-width: 300px) 100vw, 300px\" \/><\/a> <a href=\"https:\/\/blogs.amb.cat\/tenimdrets\/wp-content\/uploads\/sites\/4\/2019\/02\/20190205_091217.jpg\"><img class=\"alignnone size-medium wp-image-984\" src=\"https:\/\/blogs.amb.cat\/tenimdrets\/wp-content\/uploads\/sites\/4\/2019\/02\/20190205_091217-300x225.jpg\" alt=\"20190205_091217\" width=\"300\" height=\"225\" srcset=\"https:\/\/blogs.amb.cat\/tenimdrets\/wp-content\/uploads\/sites\/4\/2019\/02\/20190205_091217-300x225.jpg 300w, https:\/\/blogs.amb.cat\/tenimdrets\/wp-content\/uploads\/sites\/4\/2019\/02\/20190205_091217-1024x768.jpg 1024w, https:\/\/blogs.amb.cat\/tenimdrets\/wp-content\/uploads\/sites\/4\/2019\/02\/20190205_091217-640x480.jpg 640w\" sizes=\"(max-width: 300px) 100vw, 300px\" \/><\/a> <a href=\"https:\/\/blogs.amb.cat\/tenimdrets\/wp-content\/uploads\/sites\/4\/2019\/02\/20190208_115621.jpg\"><img class=\"alignnone size-medium wp-image-985\" src=\"https:\/\/blogs.amb.cat\/tenimdrets\/wp-content\/uploads\/sites\/4\/2019\/02\/20190208_115621-300x225.jpg\" alt=\"20190208_115621\" width=\"300\" height=\"225\" srcset=\"https:\/\/blogs.amb.cat\/tenimdrets\/wp-content\/uploads\/sites\/4\/2019\/02\/20190208_115621-300x225.jpg 300w, https:\/\/blogs.amb.cat\/tenimdrets\/wp-content\/uploads\/sites\/4\/2019\/02\/20190208_115621-1024x768.jpg 1024w, https:\/\/blogs.amb.cat\/tenimdrets\/wp-content\/uploads\/sites\/4\/2019\/02\/20190208_115621-640x480.jpg 640w\" sizes=\"(max-width: 300px) 100vw, 300px\" \/><\/a> <a href=\"https:\/\/blogs.amb.cat\/tenimdrets\/wp-content\/uploads\/sites\/4\/2019\/02\/IMG_20190208_100014_966.jpg\"><img class=\"alignnone size-medium wp-image-986\" src=\"https:\/\/blogs.amb.cat\/tenimdrets\/wp-content\/uploads\/sites\/4\/2019\/02\/IMG_20190208_100014_966-300x225.jpg\" alt=\"IMG_20190208_100014_966\" width=\"300\" height=\"225\" srcset=\"https:\/\/blogs.amb.cat\/tenimdrets\/wp-content\/uploads\/sites\/4\/2019\/02\/IMG_20190208_100014_966-300x225.jpg 300w, https:\/\/blogs.amb.cat\/tenimdrets\/wp-content\/uploads\/sites\/4\/2019\/02\/IMG_20190208_100014_966-1024x768.jpg 1024w, https:\/\/blogs.amb.cat\/tenimdrets\/wp-content\/uploads\/sites\/4\/2019\/02\/IMG_20190208_100014_966-640x480.jpg 640w\" sizes=\"(max-width: 300px) 100vw, 300px\" \/><\/a> <a href=\"https:\/\/blogs.amb.cat\/tenimdrets\/wp-content\/uploads\/sites\/4\/2019\/02\/IMG_20190208_101433_562.jpg\"><img class=\"alignnone size-medium wp-image-982\" src=\"https:\/\/blogs.amb.cat\/tenimdrets\/wp-content\/uploads\/sites\/4\/2019\/02\/IMG_20190208_101433_562-300x225.jpg\" alt=\"IMG_20190208_101433_562\" width=\"300\" height=\"225\" srcset=\"https:\/\/blogs.amb.cat\/tenimdrets\/wp-content\/uploads\/sites\/4\/2019\/02\/IMG_20190208_101433_562-300x225.jpg 300w, https:\/\/blogs.amb.cat\/tenimdrets\/wp-content\/uploads\/sites\/4\/2019\/02\/IMG_20190208_101433_562-1024x768.jpg 1024w, https:\/\/blogs.amb.cat\/tenimdrets\/wp-content\/uploads\/sites\/4\/2019\/02\/IMG_20190208_101433_562-640x480.jpg 640w\" sizes=\"(max-width: 300px) 100vw, 300px\" \/><\/a><\/p>\n","protected":false},"excerpt":{"rendered":"<p>Durant aquestes darreres setmanes del mes de febrer l&#8217;alumnat de 3r d&#8217;ESO de l&#8217;Institut V\u00e1zquez Montalban de Sant Adri\u00e0 de Bes\u00f2s ha participat en els tallers del Tenim Drets Teixim Llibertats, culminant aquest aprenentatge en l&#8217;elaboraci\u00f3 del disseny d&#8217;un mural participatiu que pintarem en els propers mesos. S&#8217;han seguit diferents passos per dur a terme [&hellip;]<\/p>\n","protected":false},"author":11,"featured_media":983,"comment_status":"closed","ping_status":"open","sticky":false,"template":"","format":"standard","meta":{"_oasis_is_in_workflow":0,"_oasis_original":0,"ngg_post_thumbnail":0},"categories":[1],"tags":[36,52,8,42],"_links":{"self":[{"href":"https:\/\/blogs.amb.cat\/tenimdrets\/wp-json\/wp\/v2\/posts\/981"}],"collection":[{"href":"https:\/\/blogs.amb.cat\/tenimdrets\/wp-json\/wp\/v2\/posts"}],"about":[{"href":"https:\/\/blogs.amb.cat\/tenimdrets\/wp-json\/wp\/v2\/types\/post"}],"author":[{"embeddable":true,"href":"https:\/\/blogs.amb.cat\/tenimdrets\/wp-json\/wp\/v2\/users\/11"}],"replies":[{"embeddable":true,"href":"https:\/\/blogs.amb.cat\/tenimdrets\/wp-json\/wp\/v2\/comments?post=981"}],"version-history":[{"count":1,"href":"https:\/\/blogs.amb.cat\/tenimdrets\/wp-json\/wp\/v2\/posts\/981\/revisions"}],"predecessor-version":[{"id":987,"href":"https:\/\/blogs.amb.cat\/tenimdrets\/wp-json\/wp\/v2\/posts\/981\/revisions\/987"}],"wp:featuredmedia":[{"embeddable":true,"href":"https:\/\/blogs.amb.cat\/tenimdrets\/wp-json\/wp\/v2\/media\/983"}],"wp:attachment":[{"href":"https:\/\/blogs.amb.cat\/tenimdrets\/wp-json\/wp\/v2\/media?parent=981"}],"wp:term":[{"taxonomy":"category","embeddable":true,"href":"https:\/\/blogs.amb.cat\/tenimdrets\/wp-json\/wp\/v2\/categories?post=981"},{"taxonomy":"post_tag","embeddable":true,"href":"https:\/\/blogs.amb.cat\/tenimdrets\/wp-json\/wp\/v2\/tags?post=981"}],"curies":[{"name":"wp","href":"https:\/\/api.w.org\/{rel}","templated":true}]}}