
 







{"id":988,"date":"2019-02-15T11:43:19","date_gmt":"2019-02-15T11:43:19","guid":{"rendered":"http:\/\/blogs.amb.cat\/tenimdrets\/?p=988"},"modified":"2020-12-15T12:50:16","modified_gmt":"2020-12-15T12:50:16","slug":"els-encantats-de-begues-aixequen-un-castell-per-reivindicar-els-drets-de-les-persones-refugiades","status":"publish","type":"post","link":"https:\/\/blogs.amb.cat\/tenimdrets\/ca\/2019\/02\/15\/els-encantats-de-begues-aixequen-un-castell-per-reivindicar-els-drets-de-les-persones-refugiades\/","title":{"rendered":"Els Encantats de Begues aixequen un castell per reivindicar els Drets de les persones refugiades"},"content":{"rendered":"<p class=\"Standard\"><span lang=\"ES\" style=\"font-family: 'Calibr i','sans-serif'\">Aquest divendres els <strong>Castellers els Encantats de Begues<\/strong>\u00a0han participar al taller del Tenim Drets, Teixim Llibertats. Va ser un taller ben especial, ja que els castellers van obrir les portes d&#8217;aquest taller i assaig posterior a alguns dels joves del Centre d&#8217;acollida de persones refugiades que hi ha ubicat a Begues, persones que han arribat al municipi per diferents motius relacionats amb la vulneraci\u00f3 dels seus drets.<\/span><\/p>\n<p>Va ser un taller molt din\u00e0mic, ja que mentre convers\u00e0vem sobre les raons que duen a les persones a fugir del seu pa\u00eds a causa de la vulneraci\u00f3 dels seus drets, vam estendre una llarga tela on les persones participants van deixar reflectits els seus pensaments, preguntes, reflexions i experi\u00e8ncies personals al voltant dels drets humans i la vulneraci\u00f3 d&#8217;aquests.<\/p>\n<p>El taller va culminar en l&#8217;aixecament d&#8217;un castell per part del grup de castellers amb la participaci\u00f3 dels nois del Centre d&#8217;acollida, des d&#8217;on l&#8217;enxaneta va llen\u00e7ar la tela amb l&#8217;empremta de tots les persones participants del taller.<\/p>\n<p class=\"Standard\" style=\"text-align: center\"><a href=\"https:\/\/blogs.amb.cat\/tenimdrets\/wp-content\/uploads\/sites\/4\/2019\/02\/20190215_202605.jpg\"><img class=\"alignnone size-medium wp-image-990\" src=\"https:\/\/blogs.amb.cat\/tenimdrets\/wp-content\/uploads\/sites\/4\/2019\/02\/20190215_202605-300x225.jpg\" alt=\"20190215_202605\" width=\"300\" height=\"225\" srcset=\"https:\/\/blogs.amb.cat\/tenimdrets\/wp-content\/uploads\/sites\/4\/2019\/02\/20190215_202605-300x225.jpg 300w, https:\/\/blogs.amb.cat\/tenimdrets\/wp-content\/uploads\/sites\/4\/2019\/02\/20190215_202605-1024x768.jpg 1024w, https:\/\/blogs.amb.cat\/tenimdrets\/wp-content\/uploads\/sites\/4\/2019\/02\/20190215_202605-640x480.jpg 640w\" sizes=\"(max-width: 300px) 100vw, 300px\" \/><\/a> <a href=\"https:\/\/blogs.amb.cat\/tenimdrets\/wp-content\/uploads\/sites\/4\/2019\/02\/20190215_195640.jpg\"><img class=\"alignnone size-medium wp-image-991\" src=\"https:\/\/blogs.amb.cat\/tenimdrets\/wp-content\/uploads\/sites\/4\/2019\/02\/20190215_195640-300x225.jpg\" alt=\"20190215_195640\" width=\"300\" height=\"225\" srcset=\"https:\/\/blogs.amb.cat\/tenimdrets\/wp-content\/uploads\/sites\/4\/2019\/02\/20190215_195640-300x225.jpg 300w, https:\/\/blogs.amb.cat\/tenimdrets\/wp-content\/uploads\/sites\/4\/2019\/02\/20190215_195640-1024x768.jpg 1024w, https:\/\/blogs.amb.cat\/tenimdrets\/wp-content\/uploads\/sites\/4\/2019\/02\/20190215_195640-640x480.jpg 640w\" sizes=\"(max-width: 300px) 100vw, 300px\" \/><\/a> <a href=\"https:\/\/blogs.amb.cat\/tenimdrets\/wp-content\/uploads\/sites\/4\/2019\/02\/IMG-20190215-WA0057.jpg\"><img class=\"alignnone size-medium wp-image-992\" src=\"https:\/\/blogs.amb.cat\/tenimdrets\/wp-content\/uploads\/sites\/4\/2019\/02\/IMG-20190215-WA0057-300x225.jpg\" alt=\"IMG-20190215-WA0057\" width=\"300\" height=\"225\" srcset=\"https:\/\/blogs.amb.cat\/tenimdrets\/wp-content\/uploads\/sites\/4\/2019\/02\/IMG-20190215-WA0057-300x225.jpg 300w, https:\/\/blogs.amb.cat\/tenimdrets\/wp-content\/uploads\/sites\/4\/2019\/02\/IMG-20190215-WA0057-1024x768.jpg 1024w, https:\/\/blogs.amb.cat\/tenimdrets\/wp-content\/uploads\/sites\/4\/2019\/02\/IMG-20190215-WA0057-640x480.jpg 640w, https:\/\/blogs.amb.cat\/tenimdrets\/wp-content\/uploads\/sites\/4\/2019\/02\/IMG-20190215-WA0057.jpg 1600w\" sizes=\"(max-width: 300px) 100vw, 300px\" \/><\/a> <a href=\"https:\/\/blogs.amb.cat\/tenimdrets\/wp-content\/uploads\/sites\/4\/2019\/02\/IMG-20190215-WA0054.jpg\"><img class=\"alignnone size-medium wp-image-993\" src=\"https:\/\/blogs.amb.cat\/tenimdrets\/wp-content\/uploads\/sites\/4\/2019\/02\/IMG-20190215-WA0054-300x225.jpg\" alt=\"IMG-20190215-WA0054\" width=\"300\" height=\"225\" srcset=\"https:\/\/blogs.amb.cat\/tenimdrets\/wp-content\/uploads\/sites\/4\/2019\/02\/IMG-20190215-WA0054-300x225.jpg 300w, https:\/\/blogs.amb.cat\/tenimdrets\/wp-content\/uploads\/sites\/4\/2019\/02\/IMG-20190215-WA0054-1024x768.jpg 1024w, https:\/\/blogs.amb.cat\/tenimdrets\/wp-content\/uploads\/sites\/4\/2019\/02\/IMG-20190215-WA0054-640x480.jpg 640w, https:\/\/blogs.amb.cat\/tenimdrets\/wp-content\/uploads\/sites\/4\/2019\/02\/IMG-20190215-WA0054.jpg 1600w\" sizes=\"(max-width: 300px) 100vw, 300px\" \/><\/a> <a href=\"https:\/\/blogs.amb.cat\/tenimdrets\/wp-content\/uploads\/sites\/4\/2019\/02\/20190215_201625.jpg\"><img class=\"alignnone size-medium wp-image-989\" src=\"https:\/\/blogs.amb.cat\/tenimdrets\/wp-content\/uploads\/sites\/4\/2019\/02\/20190215_201625-225x300.jpg\" alt=\"20190215_201625\" width=\"225\" height=\"300\" srcset=\"https:\/\/blogs.amb.cat\/tenimdrets\/wp-content\/uploads\/sites\/4\/2019\/02\/20190215_201625-225x300.jpg 225w, https:\/\/blogs.amb.cat\/tenimdrets\/wp-content\/uploads\/sites\/4\/2019\/02\/20190215_201625-768x1024.jpg 768w\" sizes=\"(max-width: 225px) 100vw, 225px\" \/><\/a><\/p>\n","protected":false},"excerpt":{"rendered":"<p>Aquest divendres els Castellers els Encantats de Begues\u00a0han participar al taller del Tenim Drets, Teixim Llibertats. Va ser un taller ben especial, ja que els castellers van obrir les portes d&#8217;aquest taller i assaig posterior a alguns dels joves del Centre d&#8217;acollida de persones refugiades que hi ha ubicat a Begues, persones que han arribat [&hellip;]<\/p>\n","protected":false},"author":11,"featured_media":989,"comment_status":"closed","ping_status":"open","sticky":false,"template":"","format":"standard","meta":{"_oasis_is_in_workflow":0,"_oasis_original":0,"ngg_post_thumbnail":0},"categories":[1],"tags":[36,10,52,26,8],"_links":{"self":[{"href":"https:\/\/blogs.amb.cat\/tenimdrets\/wp-json\/wp\/v2\/posts\/988"}],"collection":[{"href":"https:\/\/blogs.amb.cat\/tenimdrets\/wp-json\/wp\/v2\/posts"}],"about":[{"href":"https:\/\/blogs.amb.cat\/tenimdrets\/wp-json\/wp\/v2\/types\/post"}],"author":[{"embeddable":true,"href":"https:\/\/blogs.amb.cat\/tenimdrets\/wp-json\/wp\/v2\/users\/11"}],"replies":[{"embeddable":true,"href":"https:\/\/blogs.amb.cat\/tenimdrets\/wp-json\/wp\/v2\/comments?post=988"}],"version-history":[{"count":2,"href":"https:\/\/blogs.amb.cat\/tenimdrets\/wp-json\/wp\/v2\/posts\/988\/revisions"}],"predecessor-version":[{"id":1025,"href":"https:\/\/blogs.amb.cat\/tenimdrets\/wp-json\/wp\/v2\/posts\/988\/revisions\/1025"}],"wp:featuredmedia":[{"embeddable":true,"href":"https:\/\/blogs.amb.cat\/tenimdrets\/wp-json\/wp\/v2\/media\/989"}],"wp:attachment":[{"href":"https:\/\/blogs.amb.cat\/tenimdrets\/wp-json\/wp\/v2\/media?parent=988"}],"wp:term":[{"taxonomy":"category","embeddable":true,"href":"https:\/\/blogs.amb.cat\/tenimdrets\/wp-json\/wp\/v2\/categories?post=988"},{"taxonomy":"post_tag","embeddable":true,"href":"https:\/\/blogs.amb.cat\/tenimdrets\/wp-json\/wp\/v2\/tags?post=988"}],"curies":[{"name":"wp","href":"https:\/\/api.w.org\/{rel}","templated":true}]}}